{"id":9321,"date":"2023-12-05T09:57:25","date_gmt":"2023-12-05T08:57:25","guid":{"rendered":"https:\/\/www.realsport-club.ch\/merites-sportifs-vaudois-2023\/"},"modified":"2023-12-05T11:35:22","modified_gmt":"2023-12-05T10:35:22","slug":"merites-sportifs-vaudois-2023","status":"publish","type":"post","link":"https:\/\/www.realsport-club.ch\/de\/merites-sportifs-vaudois-2023\/","title":{"rendered":"Waadtl\u00e4nder Sportverdienste 2023"},"content":{"rendered":"[vc_row type=&#8220;in_container&#8220; full_screen_row_position=&#8220;middle&#8220; column_margin=&#8220;default&#8220; column_direction=&#8220;default&#8220; column_direction_tablet=&#8220;default&#8220; column_direction_phone=&#8220;default&#8220; scene_position=&#8220;center&#8220; top_padding=&#8220;100&#8243; bottom_padding=&#8220;100&#8243; top_padding_tablet=&#8220;80&#8243; constrain_group_3=&#8220;yes&#8220; bottom_padding_tablet=&#8220;80&#8243; top_padding_phone=&#8220;50&#8243; bottom_padding_phone=&#8220;50&#8243; text_color=&#8220;dark&#8220; text_align=&#8220;left&#8220; row_border_radius=&#8220;none&#8220; row_border_radius_applies=&#8220;bg&#8220; overflow=&#8220;visible&#8220; class=&#8220;content-intro&#8220; advanced_gradient_angle=&#8220;0&#8243; overlay_strength=&#8220;0.3&#8243; gradient_direction=&#8220;left_to_right&#8220; shape_divider_position=&#8220;bottom&#8220; bg_image_animation=&#8220;none&#8220; gradient_type=&#8220;default&#8220; shape_type=&#8220;&#8220;][vc_column column_padding=&#8220;no-extra-padding&#8220; column_padding_tablet=&#8220;inherit&#8220; column_padding_phone=&#8220;inherit&#8220; column_padding_position=&#8220;all&#8220; column_element_spacing=&#8220;default&#8220; background_color_opacity=&#8220;1&#8243; background_hover_color_opacity=&#8220;1&#8243; column_shadow=&#8220;none&#8220; column_border_radius=&#8220;none&#8220; column_link_target=&#8220;_self&#8220; column_position=&#8220;default&#8220; gradient_direction=&#8220;left_to_right&#8220; overlay_strength=&#8220;0.3&#8243; width=&#8220;1\/1&#8243; tablet_width_inherit=&#8220;default&#8220; tablet_text_alignment=&#8220;default&#8220; phone_text_alignment=&#8220;default&#8220; animation_type=&#8220;default&#8220; bg_image_animation=&#8220;none&#8220; border_type=&#8220;simple&#8220; column_border_width=&#8220;none&#8220; column_border_style=&#8220;solid&#8220;][split_line_heading animation_type=&#8220;line-reveal-by-space&#8220; font_style=&#8220;p&#8220; text_color=&#8220;#000000&#8243; line_reveal_by_space_text_effect=&#8220;twist-bottom&#8220; stagger_animation=&#8220;true&#8220; mobile_disable_animation=&#8220;true&#8220; content_alignment=&#8220;default&#8220; mobile_content_alignment=&#8220;inherit&#8220; link_target=&#8220;_self&#8220; font_line_height=&#8220;1.8&#8243; font_size=&#8220;40&#8243; font_size_tablet=&#8220;30&#8243; font_size_phone=&#8220;25&#8243; text_content=&#8220;Am Donnerstag, den 30. November, reiste eine Delegation des Realsport-Teams nach Vevey, um an der Abendveranstaltung &quot;M\u00e9rites Sportifs Vaudois de l&#039;ann\u00e9e 2023&quot; teilzunehmen.&#8220;][\/split_line_heading][\/vc_column][\/vc_row][vc_row type=&#8220;in_container&#8220; full_screen_row_position=&#8220;middle&#8220; column_margin=&#8220;default&#8220; column_direction=&#8220;default&#8220; column_direction_tablet=&#8220;default&#8220; column_direction_phone=&#8220;default&#8220; scene_position=&#8220;center&#8220; text_color=&#8220;dark&#8220; text_align=&#8220;left&#8220; row_border_radius=&#8220;none&#8220; row_border_radius_applies=&#8220;bg&#8220; overflow=&#8220;visible&#8220; overlay_strength=&#8220;0.3&#8243; gradient_direction=&#8220;left_to_right&#8220; shape_divider_position=&#8220;bottom&#8220; bg_image_animation=&#8220;none&#8220;][vc_column column_padding=&#8220;no-extra-padding&#8220; column_padding_tablet=&#8220;inherit&#8220; column_padding_phone=&#8220;inherit&#8220; column_padding_position=&#8220;all&#8220; column_element_spacing=&#8220;default&#8220; background_color_opacity=&#8220;1&#8243; background_hover_color_opacity=&#8220;1&#8243; column_shadow=&#8220;none&#8220; column_border_radius=&#8220;none&#8220; column_link_target=&#8220;_self&#8220; column_position=&#8220;default&#8220; gradient_direction=&#8220;left_to_right&#8220; overlay_strength=&#8220;0.3&#8243; width=&#8220;1\/1&#8243; tablet_width_inherit=&#8220;default&#8220; tablet_text_alignment=&#8220;default&#8220; phone_text_alignment=&#8220;default&#8220; animation_type=&#8220;default&#8220; bg_image_animation=&#8220;none&#8220; border_type=&#8220;simple&#8220; column_border_width=&#8220;none&#8220; column_border_style=&#8220;solid&#8220;][vc_column_text]Die vom &#8222;Service de l&#8217;\u00e9ducation physique et du sport (SEPS)&#8220; organisierten Waadl\u00e4ndische Sportverdienste 2023 fanden in der Halle &#8222;Del Castillo&#8220; in Vevey statt. Im Rahmen dieser Zeremonie wurden drei Athleten, eine Mannschaft, eine F\u00fchrungskraft und ein Verein f\u00fcr ihre sportlichen Leistungen oder f\u00fcr ihre Massnahmen zur F\u00f6rderung des Sports ausgezeichnet.[\/vc_column_text][\/vc_column][\/vc_row][vc_row type=&#8220;in_container&#8220; full_screen_row_position=&#8220;middle&#8220; column_margin=&#8220;default&#8220; column_direction=&#8220;default&#8220; column_direction_tablet=&#8220;default&#8220; column_direction_phone=&#8220;default&#8220; scene_position=&#8220;center&#8220; text_color=&#8220;dark&#8220; text_align=&#8220;left&#8220; row_border_radius=&#8220;none&#8220; row_border_radius_applies=&#8220;bg&#8220; overflow=&#8220;visible&#8220; overlay_strength=&#8220;0.3&#8243; gradient_direction=&#8220;left_to_right&#8220; shape_divider_position=&#8220;bottom&#8220; bg_image_animation=&#8220;none&#8220;][vc_column column_padding=&#8220;no-extra-padding&#8220; column_padding_tablet=&#8220;inherit&#8220; column_padding_phone=&#8220;inherit&#8220; column_padding_position=&#8220;all&#8220; column_element_spacing=&#8220;default&#8220; background_color_opacity=&#8220;1&#8243; background_hover_color_opacity=&#8220;1&#8243; column_shadow=&#8220;none&#8220; column_border_radius=&#8220;none&#8220; column_link_target=&#8220;_self&#8220; column_position=&#8220;default&#8220; gradient_direction=&#8220;left_to_right&#8220; overlay_strength=&#8220;0.3&#8243; width=&#8220;1\/1&#8243; tablet_width_inherit=&#8220;default&#8220; tablet_text_alignment=&#8220;default&#8220; phone_text_alignment=&#8220;default&#8220; animation_type=&#8220;default&#8220; bg_image_animation=&#8220;none&#8220; border_type=&#8220;simple&#8220; column_border_width=&#8220;none&#8220; column_border_style=&#8220;solid&#8220;][divider line_type=&#8220;No Line&#8220;][\/vc_column][\/vc_row][vc_row type=&#8220;in_container&#8220; full_screen_row_position=&#8220;middle&#8220; column_margin=&#8220;default&#8220; column_direction=&#8220;default&#8220; column_direction_tablet=&#8220;default&#8220; column_direction_phone=&#8220;default&#8220; scene_position=&#8220;center&#8220; text_color=&#8220;dark&#8220; text_align=&#8220;left&#8220; row_border_radius=&#8220;none&#8220; row_border_radius_applies=&#8220;bg&#8220; overflow=&#8220;visible&#8220; overlay_strength=&#8220;0.3&#8243; gradient_direction=&#8220;left_to_right&#8220; shape_divider_position=&#8220;bottom&#8220; bg_image_animation=&#8220;none&#8220;][vc_column column_padding=&#8220;no-extra-padding&#8220; column_padding_tablet=&#8220;inherit&#8220; column_padding_phone=&#8220;inherit&#8220; column_padding_position=&#8220;all&#8220; column_element_spacing=&#8220;default&#8220; background_color_opacity=&#8220;1&#8243; background_hover_color_opacity=&#8220;1&#8243; column_shadow=&#8220;none&#8220; column_border_radius=&#8220;none&#8220; column_link_target=&#8220;_self&#8220; column_position=&#8220;default&#8220; gradient_direction=&#8220;left_to_right&#8220; overlay_strength=&#8220;0.3&#8243; width=&#8220;1\/1&#8243; tablet_width_inherit=&#8220;default&#8220; tablet_text_alignment=&#8220;default&#8220; phone_text_alignment=&#8220;default&#8220; animation_type=&#8220;default&#8220; bg_image_animation=&#8220;none&#8220; border_type=&#8220;simple&#8220; column_border_width=&#8220;none&#8220; column_border_style=&#8220;solid&#8220;][image_with_animation image_url=&#8220;9275&#8243; image_size=&#8220;custom&#8220; animation_type=&#8220;entrance&#8220; animation=&#8220;Fade In&#8220; hover_animation=&#8220;zoom&#8220; alignment=&#8220;&#8220; border_radius=&#8220;none&#8220; box_shadow=&#8220;none&#8220; image_loading=&#8220;lazy-load&#8220; max_width=&#8220;100%&#8220; max_width_mobile=&#8220;default&#8220; custom_image_size=&#8220;rta_thumb_center_center_1320x720&#8243;][image_with_animation image_url=&#8220;9269&#8243; image_size=&#8220;custom&#8220; animation_type=&#8220;entrance&#8220; animation=&#8220;Fade In&#8220; hover_animation=&#8220;zoom&#8220; alignment=&#8220;&#8220; border_radius=&#8220;none&#8220; box_shadow=&#8220;none&#8220; image_loading=&#8220;lazy-load&#8220; max_width=&#8220;100%&#8220; max_width_mobile=&#8220;default&#8220; custom_image_size=&#8220;rta_thumb_center_center_1320x720&#8243;][\/vc_column][\/vc_row][vc_row type=&#8220;in_container&#8220; full_screen_row_position=&#8220;middle&#8220; column_margin=&#8220;default&#8220; column_direction=&#8220;default&#8220; column_direction_tablet=&#8220;default&#8220; column_direction_phone=&#8220;default&#8220; scene_position=&#8220;center&#8220; text_color=&#8220;dark&#8220; text_align=&#8220;left&#8220; row_border_radius=&#8220;none&#8220; row_border_radius_applies=&#8220;bg&#8220; overflow=&#8220;visible&#8220; overlay_strength=&#8220;0.3&#8243; gradient_direction=&#8220;left_to_right&#8220; shape_divider_position=&#8220;bottom&#8220; bg_image_animation=&#8220;none&#8220;][vc_column column_padding=&#8220;no-extra-padding&#8220; column_padding_tablet=&#8220;inherit&#8220; column_padding_phone=&#8220;inherit&#8220; column_padding_position=&#8220;all&#8220; column_element_spacing=&#8220;default&#8220; background_color_opacity=&#8220;1&#8243; background_hover_color_opacity=&#8220;1&#8243; column_shadow=&#8220;none&#8220; column_border_radius=&#8220;none&#8220; column_link_target=&#8220;_self&#8220; column_position=&#8220;default&#8220; gradient_direction=&#8220;left_to_right&#8220; overlay_strength=&#8220;0.3&#8243; width=&#8220;1\/1&#8243; tablet_width_inherit=&#8220;default&#8220; tablet_text_alignment=&#8220;default&#8220; phone_text_alignment=&#8220;default&#8220; animation_type=&#8220;default&#8220; bg_image_animation=&#8220;none&#8220; border_type=&#8220;simple&#8220; column_border_width=&#8220;none&#8220; column_border_style=&#8220;solid&#8220;][divider line_type=&#8220;No Line&#8220;][\/vc_column][\/vc_row][vc_row type=&#8220;in_container&#8220; full_screen_row_position=&#8220;middle&#8220; column_margin=&#8220;default&#8220; column_direction=&#8220;default&#8220; column_direction_tablet=&#8220;default&#8220; column_direction_phone=&#8220;default&#8220; scene_position=&#8220;center&#8220; text_color=&#8220;dark&#8220; text_align=&#8220;left&#8220; row_border_radius=&#8220;none&#8220; row_border_radius_applies=&#8220;bg&#8220; overflow=&#8220;visible&#8220; overlay_strength=&#8220;0.3&#8243; gradient_direction=&#8220;left_to_right&#8220; shape_divider_position=&#8220;bottom&#8220; bg_image_animation=&#8220;none&#8220;][vc_column column_padding=&#8220;no-extra-padding&#8220; column_padding_tablet=&#8220;inherit&#8220; column_padding_phone=&#8220;inherit&#8220; column_padding_position=&#8220;all&#8220; column_element_spacing=&#8220;default&#8220; background_color_opacity=&#8220;1&#8243; background_hover_color_opacity=&#8220;1&#8243; column_shadow=&#8220;none&#8220; column_border_radius=&#8220;none&#8220; column_link_target=&#8220;_self&#8220; column_position=&#8220;default&#8220; gradient_direction=&#8220;left_to_right&#8220; overlay_strength=&#8220;0.3&#8243; width=&#8220;1\/1&#8243; tablet_width_inherit=&#8220;default&#8220; tablet_text_alignment=&#8220;default&#8220; phone_text_alignment=&#8220;default&#8220; animation_type=&#8220;default&#8220; bg_image_animation=&#8220;none&#8220; border_type=&#8220;simple&#8220; column_border_width=&#8220;none&#8220; column_border_style=&#8220;solid&#8220;][vc_column_text]&#8220;Riviera Basket Adapt\u00e9&#8220; wurde aufgrund seines Titelgewinns bei den Special Olympics World Games 2023 in Berlin als Mannschaft des Jahres ausgezeichnet. Der FC Epalinges wurde zum Verein des Jahres gew\u00e4hlt, insbesondere aufgrund seiner zahlreichen Initiativen zur F\u00f6rderung der Inklusion von Menschen mit Behinderungen. Jean-Daniel Savary, Trainer des V\u00e9lo Trial Broye Jorat, wurde mit dem &#8222;M\u00e9rite dirigeant&#8220; ausgezeichnet.[\/vc_column_text][\/vc_column][\/vc_row][vc_row type=&#8220;in_container&#8220; full_screen_row_position=&#8220;middle&#8220; column_margin=&#8220;default&#8220; column_direction=&#8220;default&#8220; column_direction_tablet=&#8220;default&#8220; column_direction_phone=&#8220;default&#8220; scene_position=&#8220;center&#8220; text_color=&#8220;dark&#8220; text_align=&#8220;left&#8220; row_border_radius=&#8220;none&#8220; row_border_radius_applies=&#8220;bg&#8220; overflow=&#8220;visible&#8220; overlay_strength=&#8220;0.3&#8243; gradient_direction=&#8220;left_to_right&#8220; shape_divider_position=&#8220;bottom&#8220; bg_image_animation=&#8220;none&#8220;][vc_column column_padding=&#8220;no-extra-padding&#8220; column_padding_tablet=&#8220;inherit&#8220; column_padding_phone=&#8220;inherit&#8220; column_padding_position=&#8220;all&#8220; column_element_spacing=&#8220;default&#8220; background_color_opacity=&#8220;1&#8243; background_hover_color_opacity=&#8220;1&#8243; column_shadow=&#8220;none&#8220; column_border_radius=&#8220;none&#8220; column_link_target=&#8220;_self&#8220; column_position=&#8220;default&#8220; gradient_direction=&#8220;left_to_right&#8220; overlay_strength=&#8220;0.3&#8243; width=&#8220;1\/1&#8243; tablet_width_inherit=&#8220;default&#8220; tablet_text_alignment=&#8220;default&#8220; phone_text_alignment=&#8220;default&#8220; animation_type=&#8220;default&#8220; bg_image_animation=&#8220;none&#8220; border_type=&#8220;simple&#8220; column_border_width=&#8220;none&#8220; column_border_style=&#8220;solid&#8220;][divider line_type=&#8220;No Line&#8220;][\/vc_column][\/vc_row][vc_row type=&#8220;in_container&#8220; full_screen_row_position=&#8220;middle&#8220; column_margin=&#8220;default&#8220; column_direction=&#8220;default&#8220; column_direction_tablet=&#8220;default&#8220; column_direction_phone=&#8220;default&#8220; scene_position=&#8220;center&#8220; text_color=&#8220;dark&#8220; text_align=&#8220;left&#8220; row_border_radius=&#8220;none&#8220; row_border_radius_applies=&#8220;bg&#8220; overflow=&#8220;visible&#8220; overlay_strength=&#8220;0.3&#8243; gradient_direction=&#8220;left_to_right&#8220; shape_divider_position=&#8220;bottom&#8220; bg_image_animation=&#8220;none&#8220;][vc_column column_padding=&#8220;no-extra-padding&#8220; column_padding_tablet=&#8220;inherit&#8220; column_padding_phone=&#8220;inherit&#8220; column_padding_position=&#8220;all&#8220; column_element_spacing=&#8220;default&#8220; background_color_opacity=&#8220;1&#8243; background_hover_color_opacity=&#8220;1&#8243; column_shadow=&#8220;none&#8220; column_border_radius=&#8220;none&#8220; column_link_target=&#8220;_self&#8220; column_position=&#8220;default&#8220; gradient_direction=&#8220;left_to_right&#8220; overlay_strength=&#8220;0.3&#8243; width=&#8220;1\/1&#8243; tablet_width_inherit=&#8220;default&#8220; tablet_text_alignment=&#8220;default&#8220; phone_text_alignment=&#8220;default&#8220; animation_type=&#8220;default&#8220; bg_image_animation=&#8220;none&#8220; border_type=&#8220;simple&#8220; column_border_width=&#8220;none&#8220; column_border_style=&#8220;solid&#8220;][divider line_type=&#8220;No Line&#8220;][\/vc_column][\/vc_row][vc_row type=&#8220;in_container&#8220; full_screen_row_position=&#8220;middle&#8220; column_margin=&#8220;default&#8220; column_direction=&#8220;default&#8220; column_direction_tablet=&#8220;default&#8220; column_direction_phone=&#8220;default&#8220; scene_position=&#8220;center&#8220; text_color=&#8220;dark&#8220; text_align=&#8220;left&#8220; row_border_radius=&#8220;none&#8220; row_border_radius_applies=&#8220;bg&#8220; overflow=&#8220;visible&#8220; overlay_strength=&#8220;0.3&#8243; gradient_direction=&#8220;left_to_right&#8220; shape_divider_position=&#8220;bottom&#8220; bg_image_animation=&#8220;none&#8220;][vc_column column_padding=&#8220;no-extra-padding&#8220; column_padding_tablet=&#8220;inherit&#8220; column_padding_phone=&#8220;inherit&#8220; column_padding_position=&#8220;all&#8220; column_element_spacing=&#8220;default&#8220; background_color_opacity=&#8220;1&#8243; background_hover_color_opacity=&#8220;1&#8243; column_shadow=&#8220;none&#8220; column_border_radius=&#8220;none&#8220; column_link_target=&#8220;_self&#8220; column_position=&#8220;default&#8220; gradient_direction=&#8220;left_to_right&#8220; overlay_strength=&#8220;0.3&#8243; width=&#8220;1\/1&#8243; tablet_width_inherit=&#8220;default&#8220; tablet_text_alignment=&#8220;default&#8220; phone_text_alignment=&#8220;default&#8220; animation_type=&#8220;default&#8220; bg_image_animation=&#8220;none&#8220; border_type=&#8220;simple&#8220; column_border_width=&#8220;none&#8220; column_border_style=&#8220;solid&#8220;][vc_column_text]\n<h3 class=\"Com-texte\"><strong>Vollst\u00e4ndige Rangliste der M\u00e9rites Sportifs Vaudois 2023<\/strong><\/h3>\n<p class=\"Com-texte\">  Sportlerin: Zo\u00e9 Claessens (BMX Racing)<\/p>\n<p class=\"Com-texte\">  Sportler: Adrien Briffod (Triathlon)<\/p>\n<p class=\"Com-texte\">  Hoffnungstr\u00e4gerin : Caroline Ulrich (Ski Alpinismus)<\/p>\n<p class=\"Com-texte\">  Mannschaft: Riviera Basket Adapted<\/p>\n<p class=\"Com-texte\">  Leitung: Jean-Daniel Savary (Trainer des V\u00e9lo Trial Broye Jorat)<\/p>\n<p class=\"Com-texte\">  Verein: FC Epalinges<\/p>\n[\/vc_column_text][\/vc_column][\/vc_row][vc_row type=&#8220;in_container&#8220; full_screen_row_position=&#8220;middle&#8220; column_margin=&#8220;default&#8220; column_direction=&#8220;default&#8220; column_direction_tablet=&#8220;default&#8220; column_direction_phone=&#8220;default&#8220; scene_position=&#8220;center&#8220; text_color=&#8220;dark&#8220; text_align=&#8220;left&#8220; row_border_radius=&#8220;none&#8220; row_border_radius_applies=&#8220;bg&#8220; overflow=&#8220;visible&#8220; overlay_strength=&#8220;0.3&#8243; gradient_direction=&#8220;left_to_right&#8220; shape_divider_position=&#8220;bottom&#8220; bg_image_animation=&#8220;none&#8220;][vc_column column_padding=&#8220;no-extra-padding&#8220; column_padding_tablet=&#8220;inherit&#8220; column_padding_phone=&#8220;inherit&#8220; column_padding_position=&#8220;all&#8220; column_element_spacing=&#8220;default&#8220; background_color_opacity=&#8220;1&#8243; background_hover_color_opacity=&#8220;1&#8243; column_shadow=&#8220;none&#8220; column_border_radius=&#8220;none&#8220; column_link_target=&#8220;_self&#8220; column_position=&#8220;default&#8220; gradient_direction=&#8220;left_to_right&#8220; overlay_strength=&#8220;0.3&#8243; width=&#8220;1\/1&#8243; tablet_width_inherit=&#8220;default&#8220; tablet_text_alignment=&#8220;default&#8220; phone_text_alignment=&#8220;default&#8220; animation_type=&#8220;default&#8220; bg_image_animation=&#8220;none&#8220; border_type=&#8220;simple&#8220; column_border_width=&#8220;none&#8220; column_border_style=&#8220;solid&#8220;][divider line_type=&#8220;Full Width Line&#8220; line_thickness=&#8220;1&#8243; divider_color=&#8220;default&#8220; custom_height=&#8220;100&#8243; custom_height_tablet=&#8220;80&#8243; custom_height_phone=&#8220;50&#8243;][\/vc_column][\/vc_row][vc_row type=&#8220;in_container&#8220; full_screen_row_position=&#8220;middle&#8220; column_margin=&#8220;default&#8220; column_direction=&#8220;default&#8220; column_direction_tablet=&#8220;default&#8220; column_direction_phone=&#8220;default&#8220; scene_position=&#8220;center&#8220; text_color=&#8220;dark&#8220; text_align=&#8220;left&#8220; row_border_radius=&#8220;none&#8220; row_border_radius_applies=&#8220;bg&#8220; overflow=&#8220;visible&#8220; class=&#8220;content-slider-1-col&#8220; advanced_gradient_angle=&#8220;0&#8243; overlay_strength=&#8220;0.3&#8243; gradient_direction=&#8220;left_to_right&#8220; shape_divider_position=&#8220;bottom&#8220; bg_image_animation=&#8220;none&#8220; gradient_type=&#8220;default&#8220; shape_type=&#8220;&#8220;][vc_column column_padding=&#8220;no-extra-padding&#8220; column_padding_tablet=&#8220;inherit&#8220; column_padding_phone=&#8220;inherit&#8220; column_padding_position=&#8220;all&#8220; column_element_spacing=&#8220;default&#8220; background_color_opacity=&#8220;1&#8243; background_hover_color_opacity=&#8220;1&#8243; column_shadow=&#8220;none&#8220; column_border_radius=&#8220;none&#8220; column_link_target=&#8220;_self&#8220; column_position=&#8220;default&#8220; gradient_direction=&#8220;left_to_right&#8220; overlay_strength=&#8220;0.3&#8243; width=&#8220;1\/1&#8243; tablet_width_inherit=&#8220;default&#8220; tablet_text_alignment=&#8220;default&#8220; phone_text_alignment=&#8220;default&#8220; animation_type=&#8220;default&#8220; bg_image_animation=&#8220;none&#8220; border_type=&#8220;simple&#8220; column_border_width=&#8220;none&#8220; column_border_style=&#8220;solid&#8220;][nectar_single_testimonial testimonial_style=&#8220;small_modern&#8220; image=&#8220;9308&#8243; text_color=&#8220;#000000&#8243; color=&#8220;Accent-Color&#8220; quote=&#8220;Wir unterst\u00fctzen und beteiligen uns jedes Jahr an dieser Sportlerehrung.&#8220; name=&#8220;Beno\u00eet Dubey&#8220; subtitle=&#8220;Directeur technique Realsport&#8220;][vc_gallery type=&#8220;flickity_style&#8220; images=&#8220;9278,9281,9284,9287,9299,9302&#8243; flickity_spacing=&#8220;default&#8220; flickity_controls=&#8220;next_prev_arrows_overlaid&#8220; flickity_overflow=&#8220;visible&#8220; flickity_wrap_around=&#8220;wrap&#8220; flickity_desktop_columns=&#8220;1&#8243; flickity_small_desktop_columns=&#8220;1&#8243; flickity_tablet_columns=&#8220;1&#8243; flickity_phone_columns=&#8220;1&#8243; flickity_image_scale_on_drag=&#8220;true&#8220; flickity_autoplay=&#8220;true&#8220; flickity_box_shadow=&#8220;none&#8220; image_loading=&#8220;lazy-load&#8220; onclick=&#8220;link_image&#8220; img_size=&#8220;600&#215;800&#8243;][\/vc_column][\/vc_row][vc_row type=&#8220;in_container&#8220; full_screen_row_position=&#8220;middle&#8220; column_margin=&#8220;default&#8220; column_direction=&#8220;default&#8220; column_direction_tablet=&#8220;default&#8220; column_direction_phone=&#8220;default&#8220; scene_position=&#8220;center&#8220; text_color=&#8220;dark&#8220; text_align=&#8220;left&#8220; row_border_radius=&#8220;none&#8220; row_border_radius_applies=&#8220;bg&#8220; overflow=&#8220;visible&#8220; overlay_strength=&#8220;0.3&#8243; gradient_direction=&#8220;left_to_right&#8220; shape_divider_position=&#8220;bottom&#8220; bg_image_animation=&#8220;none&#8220;][vc_column column_padding=&#8220;no-extra-padding&#8220; column_padding_tablet=&#8220;inherit&#8220; column_padding_phone=&#8220;inherit&#8220; column_padding_position=&#8220;all&#8220; column_element_spacing=&#8220;default&#8220; background_color_opacity=&#8220;1&#8243; background_hover_color_opacity=&#8220;1&#8243; column_shadow=&#8220;none&#8220; column_border_radius=&#8220;none&#8220; column_link_target=&#8220;_self&#8220; column_position=&#8220;default&#8220; gradient_direction=&#8220;left_to_right&#8220; overlay_strength=&#8220;0.3&#8243; width=&#8220;1\/1&#8243; tablet_width_inherit=&#8220;default&#8220; tablet_text_alignment=&#8220;default&#8220; phone_text_alignment=&#8220;default&#8220; animation_type=&#8220;default&#8220; bg_image_animation=&#8220;none&#8220; border_type=&#8220;simple&#8220; column_border_width=&#8220;none&#8220; column_border_style=&#8220;solid&#8220;][vc_column_text]Die <strong>Bedeutung der Inklusion<br \/>\n<\/strong> Bei der Verleihung der Waadtl\u00e4nder Sportverdienste wurde die Inklusion in den Vordergrund gestellt und &#8222;Riviera Basket Adapt\u00e9&#8220; als Mannschaft des Jahres geehrt. Der FC Epalinges wurde ebenfalls zum Verein des Jahres ernannt, insbesondere aufgrund seiner zahlreichen Initiativen zur F\u00f6rderung der Inklusion von Menschen mit Behinderungen.<\/p>\n<p>Wir gratulieren jeder und jedem zu den Auszeichnungen und w\u00fcnschen ihnen alles Gute f\u00fcr ihre weitere sportliche Karriere!<\/p>\n<p>Fotocredit: \u00a9 <a href=\"https:\/\/www.meritessportifsvaudois.ch\/\" target=\"_blank\" rel=\"noopener\">M\u00e9rites Sportifs Vaudois<\/a>[\/vc_column_text][\/vc_column][\/vc_row][vc_row type=&#8220;in_container&#8220; full_screen_row_position=&#8220;middle&#8220; column_margin=&#8220;default&#8220; column_direction=&#8220;default&#8220; column_direction_tablet=&#8220;default&#8220; column_direction_phone=&#8220;default&#8220; scene_position=&#8220;center&#8220; text_color=&#8220;dark&#8220; text_align=&#8220;left&#8220; row_border_radius=&#8220;none&#8220; row_border_radius_applies=&#8220;bg&#8220; overflow=&#8220;visible&#8220; class=&#8220;content-testimonial&#8220; advanced_gradient_angle=&#8220;0&#8243; overlay_strength=&#8220;0.3&#8243; gradient_direction=&#8220;left_to_right&#8220; shape_divider_position=&#8220;bottom&#8220; bg_image_animation=&#8220;none&#8220; gradient_type=&#8220;default&#8220; shape_type=&#8220;&#8220;][vc_column column_padding=&#8220;no-extra-padding&#8220; column_padding_tablet=&#8220;inherit&#8220; column_padding_phone=&#8220;inherit&#8220; column_padding_position=&#8220;all&#8220; column_element_spacing=&#8220;default&#8220; background_color_opacity=&#8220;1&#8243; background_hover_color_opacity=&#8220;1&#8243; column_shadow=&#8220;none&#8220; column_border_radius=&#8220;none&#8220; column_link_target=&#8220;_self&#8220; column_position=&#8220;default&#8220; advanced_gradient_angle=&#8220;0&#8243; gradient_direction=&#8220;left_to_right&#8220; overlay_strength=&#8220;0.3&#8243; width=&#8220;1\/1&#8243; tablet_width_inherit=&#8220;default&#8220; tablet_text_alignment=&#8220;default&#8220; phone_text_alignment=&#8220;default&#8220; animation_type=&#8220;default&#8220; bg_image_animation=&#8220;none&#8220; border_type=&#8220;simple&#8220; column_border_width=&#8220;none&#8220; column_border_style=&#8220;solid&#8220; gradient_type=&#8220;default&#8220;][vc_gallery type=&#8220;flickity_style&#8220; images=&#8220;9296,9293,9290&#8243; flickity_spacing=&#8220;default&#8220; flickity_controls=&#8220;next_prev_arrows_overlaid&#8220; flickity_overflow=&#8220;visible&#8220; flickity_wrap_around=&#8220;wrap&#8220; flickity_desktop_columns=&#8220;1&#8243; flickity_small_desktop_columns=&#8220;1&#8243; flickity_tablet_columns=&#8220;1&#8243; flickity_phone_columns=&#8220;1&#8243; flickity_image_scale_on_drag=&#8220;true&#8220; flickity_autoplay=&#8220;true&#8220; flickity_box_shadow=&#8220;none&#8220; image_loading=&#8220;lazy-load&#8220; onclick=&#8220;link_image&#8220; img_size=&#8220;600&#215;400&#8243;][\/vc_column][\/vc_row]\n","protected":false},"excerpt":{"rendered":"<p>[vc_row type=&#8220;in_container&#8220; full_screen_row_position=&#8220;middle&#8220; column_margin=&#8220;default&#8220; column_direction=&#8220;default&#8220; column_direction_tablet=&#8220;default&#8220; column_direction_phone=&#8220;default&#8220; scene_position=&#8220;center&#8220; top_padding=&#8220;100&#8243; bottom_padding=&#8220;100&#8243; top_padding_tablet=&#8220;80&#8243; constrain_group_3=&#8220;yes&#8220; bottom_padding_tablet=&#8220;80&#8243; top_padding_phone=&#8220;50&#8243; bottom_padding_phone=&#8220;50&#8243; text_color=&#8220;dark&#8220; text_align=&#8220;left&#8220; row_border_radius=&#8220;none&#8220; row_border_radius_applies=&#8220;bg&#8220; overflow=&#8220;visible&#8220; class=&#8220;content-intro&#8220; advanced_gradient_angle=&#8220;0&#8243; overlay_strength=&#8220;0.3&#8243; gradient_direction=&#8220;left_to_right&#8220; shape_divider_position=&#8220;bottom&#8220;&#8230;<\/p>\n","protected":false},"author":3,"featured_media":9273,"comment_status":"closed","ping_status":"closed","sticky":false,"template":"","format":"standard","meta":{"inline_featured_image":false,"footnotes":""},"categories":[42,43],"tags":[],"class_list":{"0":"post-9321","1":"post","2":"type-post","3":"status-publish","4":"format-standard","5":"has-post-thumbnail","7":"category-team-realsport-de","8":"category-unterstutzung"},"yoast_head":"<!-- This site is optimized with the Yoast SEO plugin v21.4 - https:\/\/yoast.com\/wordpress\/plugins\/seo\/ -->\n<title>Waadtl\u00e4nder Sportverdienste 2023 - Realsport Club<\/title>\n<meta name=\"robots\" content=\"index, follow, max-snippet:-1, max-image-preview:large, max-video-preview:-1\" \/>\n<link rel=\"canonical\" href=\"https:\/\/www.realsport-club.ch\/de\/merites-sportifs-vaudois-2023\/\" \/>\n<meta property=\"og:locale\" content=\"de_DE\" \/>\n<meta property=\"og:type\" content=\"article\" \/>\n<meta property=\"og:title\" content=\"Waadtl\u00e4nder Sportverdienste 2023 - Realsport Club\" \/>\n<meta property=\"og:description\" content=\"[vc_row type=&#8220;in_container&#8220; full_screen_row_position=&#8220;middle&#8220; column_margin=&#8220;default&#8220; column_direction=&#8220;default&#8220; column_direction_tablet=&#8220;default&#8220; column_direction_phone=&#8220;default&#8220; scene_position=&#8220;center&#8220; top_padding=&#8220;100&#8243; bottom_padding=&#8220;100&#8243; top_padding_tablet=&#8220;80&#8243; constrain_group_3=&#8220;yes&#8220; bottom_padding_tablet=&#8220;80&#8243; top_padding_phone=&#8220;50&#8243; bottom_padding_phone=&#8220;50&#8243; text_color=&#8220;dark&#8220; text_align=&#8220;left&#8220; row_border_radius=&#8220;none&#8220; row_border_radius_applies=&#8220;bg&#8220; overflow=&#8220;visible&#8220; class=&#8220;content-intro&#8220; advanced_gradient_angle=&#8220;0&#8243; overlay_strength=&#8220;0.3&#8243; gradient_direction=&#8220;left_to_right&#8220; shape_divider_position=&#8220;bottom&#8220;...\" \/>\n<meta property=\"og:url\" content=\"https:\/\/www.realsport-club.ch\/de\/merites-sportifs-vaudois-2023\/\" \/>\n<meta property=\"og:site_name\" content=\"Realsport Club\" \/>\n<meta property=\"article:publisher\" content=\"https:\/\/www.facebook.com\/RealSportGroup\/\" \/>\n<meta property=\"article:published_time\" content=\"2023-12-05T08:57:25+00:00\" \/>\n<meta property=\"article:modified_time\" content=\"2023-12-05T10:35:22+00:00\" \/>\n<meta property=\"og:image\" content=\"https:\/\/www.realsport-club.ch\/wp-content\/uploads\/2023\/12\/DSC_2281-48-copie.jpg\" \/>\n\t<meta property=\"og:image:width\" content=\"1667\" \/>\n\t<meta property=\"og:image:height\" content=\"938\" \/>\n\t<meta property=\"og:image:type\" content=\"image\/jpeg\" \/>\n<meta name=\"author\" content=\"Realsport Admin\" \/>\n<meta name=\"twitter:card\" content=\"summary_large_image\" \/>\n<meta name=\"twitter:label1\" content=\"Verfasst von\" \/>\n\t<meta name=\"twitter:data1\" content=\"Realsport Admin\" \/>\n\t<meta name=\"twitter:label2\" content=\"Gesch\u00e4tzte Lesezeit\" \/>\n\t<meta name=\"twitter:data2\" content=\"5\u00a0Minuten\" \/>\n<script type=\"application\/ld+json\" class=\"yoast-schema-graph\">{\"@context\":\"https:\/\/schema.org\",\"@graph\":[{\"@type\":[\"Article\",\"BlogPosting\"],\"@id\":\"https:\/\/www.realsport-club.ch\/de\/merites-sportifs-vaudois-2023\/#article\",\"isPartOf\":{\"@id\":\"https:\/\/www.realsport-club.ch\/de\/merites-sportifs-vaudois-2023\/\"},\"author\":{\"name\":\"Realsport Admin\",\"@id\":\"https:\/\/www.realsport-club.ch\/de\/#\/schema\/person\/ce1c3765087b579a489c4b4dc9572a53\"},\"headline\":\"Waadtl\u00e4nder Sportverdienste 2023\",\"datePublished\":\"2023-12-05T08:57:25+00:00\",\"dateModified\":\"2023-12-05T10:35:22+00:00\",\"mainEntityOfPage\":{\"@id\":\"https:\/\/www.realsport-club.ch\/de\/merites-sportifs-vaudois-2023\/\"},\"wordCount\":2517,\"publisher\":{\"@id\":\"https:\/\/www.realsport-club.ch\/de\/#organization\"},\"articleSection\":[\"Team Realsport\",\"Unterst\u00fctzung\"],\"inLanguage\":\"de\"},{\"@type\":\"WebPage\",\"@id\":\"https:\/\/www.realsport-club.ch\/de\/merites-sportifs-vaudois-2023\/\",\"url\":\"https:\/\/www.realsport-club.ch\/de\/merites-sportifs-vaudois-2023\/\",\"name\":\"Waadtl\u00e4nder Sportverdienste 2023 - Realsport Club\",\"isPartOf\":{\"@id\":\"https:\/\/www.realsport-club.ch\/de\/#website\"},\"datePublished\":\"2023-12-05T08:57:25+00:00\",\"dateModified\":\"2023-12-05T10:35:22+00:00\",\"breadcrumb\":{\"@id\":\"https:\/\/www.realsport-club.ch\/de\/merites-sportifs-vaudois-2023\/#breadcrumb\"},\"inLanguage\":\"de\",\"potentialAction\":[{\"@type\":\"ReadAction\",\"target\":[\"https:\/\/www.realsport-club.ch\/de\/merites-sportifs-vaudois-2023\/\"]}]},{\"@type\":\"BreadcrumbList\",\"@id\":\"https:\/\/www.realsport-club.ch\/de\/merites-sportifs-vaudois-2023\/#breadcrumb\",\"itemListElement\":[{\"@type\":\"ListItem\",\"position\":1,\"name\":\"Accueil\",\"item\":\"https:\/\/www.realsport-club.ch\/de\/\"},{\"@type\":\"ListItem\",\"position\":2,\"name\":\"Waadtl\u00e4nder Sportverdienste 2023\"}]},{\"@type\":\"WebSite\",\"@id\":\"https:\/\/www.realsport-club.ch\/de\/#website\",\"url\":\"https:\/\/www.realsport-club.ch\/de\/\",\"name\":\"Realsport Club\",\"description\":\"\",\"publisher\":{\"@id\":\"https:\/\/www.realsport-club.ch\/de\/#organization\"},\"potentialAction\":[{\"@type\":\"SearchAction\",\"target\":{\"@type\":\"EntryPoint\",\"urlTemplate\":\"https:\/\/www.realsport-club.ch\/de\/?s={search_term_string}\"},\"query-input\":\"required name=search_term_string\"}],\"inLanguage\":\"de\"},{\"@type\":\"Organization\",\"@id\":\"https:\/\/www.realsport-club.ch\/de\/#organization\",\"name\":\"Realsport Club\",\"url\":\"https:\/\/www.realsport-club.ch\/de\/\",\"logo\":{\"@type\":\"ImageObject\",\"inLanguage\":\"de\",\"@id\":\"https:\/\/www.realsport-club.ch\/de\/#\/schema\/logo\/image\/\",\"url\":\"https:\/\/www.realsportclub.prod-mint.ch\/wp-content\/uploads\/2022\/11\/realsport-club-image-google_retina.jpg\",\"contentUrl\":\"https:\/\/www.realsportclub.prod-mint.ch\/wp-content\/uploads\/2022\/11\/realsport-club-image-google_retina.jpg\",\"width\":1600,\"height\":1200,\"caption\":\"Realsport Club\"},\"image\":{\"@id\":\"https:\/\/www.realsport-club.ch\/de\/#\/schema\/logo\/image\/\"},\"sameAs\":[\"https:\/\/www.facebook.com\/RealSportGroup\/\",\"https:\/\/www.youtube.com\/channel\/UCVNzKINPU8PNe1Rq6BeKztA\",\"https:\/\/www.linkedin.com\/company\/realsport-outdoor-sa\/\",\"https:\/\/www.instagram.com\/realsportsa\/\"]},{\"@type\":\"Person\",\"@id\":\"https:\/\/www.realsport-club.ch\/de\/#\/schema\/person\/ce1c3765087b579a489c4b4dc9572a53\",\"name\":\"Realsport Admin\",\"url\":\"https:\/\/www.realsport-club.ch\/de\/author\/inforealsport-ch\/\"}]}<\/script>\n<!-- \/ Yoast SEO plugin. -->","yoast_head_json":{"title":"Waadtl\u00e4nder Sportverdienste 2023 - Realsport Club","robots":{"index":"index","follow":"follow","max-snippet":"max-snippet:-1","max-image-preview":"max-image-preview:large","max-video-preview":"max-video-preview:-1"},"canonical":"https:\/\/www.realsport-club.ch\/de\/merites-sportifs-vaudois-2023\/","og_locale":"de_DE","og_type":"article","og_title":"Waadtl\u00e4nder Sportverdienste 2023 - Realsport Club","og_description":"[vc_row type=&#8220;in_container&#8220; full_screen_row_position=&#8220;middle&#8220; column_margin=&#8220;default&#8220; column_direction=&#8220;default&#8220; column_direction_tablet=&#8220;default&#8220; column_direction_phone=&#8220;default&#8220; scene_position=&#8220;center&#8220; top_padding=&#8220;100&#8243; bottom_padding=&#8220;100&#8243; top_padding_tablet=&#8220;80&#8243; constrain_group_3=&#8220;yes&#8220; bottom_padding_tablet=&#8220;80&#8243; top_padding_phone=&#8220;50&#8243; bottom_padding_phone=&#8220;50&#8243; text_color=&#8220;dark&#8220; text_align=&#8220;left&#8220; row_border_radius=&#8220;none&#8220; row_border_radius_applies=&#8220;bg&#8220; overflow=&#8220;visible&#8220; class=&#8220;content-intro&#8220; advanced_gradient_angle=&#8220;0&#8243; overlay_strength=&#8220;0.3&#8243; gradient_direction=&#8220;left_to_right&#8220; shape_divider_position=&#8220;bottom&#8220;...","og_url":"https:\/\/www.realsport-club.ch\/de\/merites-sportifs-vaudois-2023\/","og_site_name":"Realsport Club","article_publisher":"https:\/\/www.facebook.com\/RealSportGroup\/","article_published_time":"2023-12-05T08:57:25+00:00","article_modified_time":"2023-12-05T10:35:22+00:00","og_image":[{"width":1667,"height":938,"url":"https:\/\/www.realsport-club.ch\/wp-content\/uploads\/2023\/12\/DSC_2281-48-copie.jpg","type":"image\/jpeg"}],"author":"Realsport Admin","twitter_card":"summary_large_image","twitter_misc":{"Verfasst von":"Realsport Admin","Gesch\u00e4tzte Lesezeit":"5\u00a0Minuten"},"schema":{"@context":"https:\/\/schema.org","@graph":[{"@type":["Article","BlogPosting"],"@id":"https:\/\/www.realsport-club.ch\/de\/merites-sportifs-vaudois-2023\/#article","isPartOf":{"@id":"https:\/\/www.realsport-club.ch\/de\/merites-sportifs-vaudois-2023\/"},"author":{"name":"Realsport Admin","@id":"https:\/\/www.realsport-club.ch\/de\/#\/schema\/person\/ce1c3765087b579a489c4b4dc9572a53"},"headline":"Waadtl\u00e4nder Sportverdienste 2023","datePublished":"2023-12-05T08:57:25+00:00","dateModified":"2023-12-05T10:35:22+00:00","mainEntityOfPage":{"@id":"https:\/\/www.realsport-club.ch\/de\/merites-sportifs-vaudois-2023\/"},"wordCount":2517,"publisher":{"@id":"https:\/\/www.realsport-club.ch\/de\/#organization"},"articleSection":["Team Realsport","Unterst\u00fctzung"],"inLanguage":"de"},{"@type":"WebPage","@id":"https:\/\/www.realsport-club.ch\/de\/merites-sportifs-vaudois-2023\/","url":"https:\/\/www.realsport-club.ch\/de\/merites-sportifs-vaudois-2023\/","name":"Waadtl\u00e4nder Sportverdienste 2023 - Realsport Club","isPartOf":{"@id":"https:\/\/www.realsport-club.ch\/de\/#website"},"datePublished":"2023-12-05T08:57:25+00:00","dateModified":"2023-12-05T10:35:22+00:00","breadcrumb":{"@id":"https:\/\/www.realsport-club.ch\/de\/merites-sportifs-vaudois-2023\/#breadcrumb"},"inLanguage":"de","potentialAction":[{"@type":"ReadAction","target":["https:\/\/www.realsport-club.ch\/de\/merites-sportifs-vaudois-2023\/"]}]},{"@type":"BreadcrumbList","@id":"https:\/\/www.realsport-club.ch\/de\/merites-sportifs-vaudois-2023\/#breadcrumb","itemListElement":[{"@type":"ListItem","position":1,"name":"Accueil","item":"https:\/\/www.realsport-club.ch\/de\/"},{"@type":"ListItem","position":2,"name":"Waadtl\u00e4nder Sportverdienste 2023"}]},{"@type":"WebSite","@id":"https:\/\/www.realsport-club.ch\/de\/#website","url":"https:\/\/www.realsport-club.ch\/de\/","name":"Realsport Club","description":"","publisher":{"@id":"https:\/\/www.realsport-club.ch\/de\/#organization"},"potentialAction":[{"@type":"SearchAction","target":{"@type":"EntryPoint","urlTemplate":"https:\/\/www.realsport-club.ch\/de\/?s={search_term_string}"},"query-input":"required name=search_term_string"}],"inLanguage":"de"},{"@type":"Organization","@id":"https:\/\/www.realsport-club.ch\/de\/#organization","name":"Realsport Club","url":"https:\/\/www.realsport-club.ch\/de\/","logo":{"@type":"ImageObject","inLanguage":"de","@id":"https:\/\/www.realsport-club.ch\/de\/#\/schema\/logo\/image\/","url":"https:\/\/www.realsportclub.prod-mint.ch\/wp-content\/uploads\/2022\/11\/realsport-club-image-google_retina.jpg","contentUrl":"https:\/\/www.realsportclub.prod-mint.ch\/wp-content\/uploads\/2022\/11\/realsport-club-image-google_retina.jpg","width":1600,"height":1200,"caption":"Realsport Club"},"image":{"@id":"https:\/\/www.realsport-club.ch\/de\/#\/schema\/logo\/image\/"},"sameAs":["https:\/\/www.facebook.com\/RealSportGroup\/","https:\/\/www.youtube.com\/channel\/UCVNzKINPU8PNe1Rq6BeKztA","https:\/\/www.linkedin.com\/company\/realsport-outdoor-sa\/","https:\/\/www.instagram.com\/realsportsa\/"]},{"@type":"Person","@id":"https:\/\/www.realsport-club.ch\/de\/#\/schema\/person\/ce1c3765087b579a489c4b4dc9572a53","name":"Realsport Admin","url":"https:\/\/www.realsport-club.ch\/de\/author\/inforealsport-ch\/"}]}},"_links":{"self":[{"href":"https:\/\/www.realsport-club.ch\/de\/wp-json\/wp\/v2\/posts\/9321","targetHints":{"allow":["GET"]}}],"collection":[{"href":"https:\/\/www.realsport-club.ch\/de\/wp-json\/wp\/v2\/posts"}],"about":[{"href":"https:\/\/www.realsport-club.ch\/de\/wp-json\/wp\/v2\/types\/post"}],"author":[{"embeddable":true,"href":"https:\/\/www.realsport-club.ch\/de\/wp-json\/wp\/v2\/users\/3"}],"replies":[{"embeddable":true,"href":"https:\/\/www.realsport-club.ch\/de\/wp-json\/wp\/v2\/comments?post=9321"}],"version-history":[{"count":14,"href":"https:\/\/www.realsport-club.ch\/de\/wp-json\/wp\/v2\/posts\/9321\/revisions"}],"predecessor-version":[{"id":9354,"href":"https:\/\/www.realsport-club.ch\/de\/wp-json\/wp\/v2\/posts\/9321\/revisions\/9354"}],"wp:featuredmedia":[{"embeddable":true,"href":"https:\/\/www.realsport-club.ch\/de\/wp-json\/wp\/v2\/media\/9273"}],"wp:attachment":[{"href":"https:\/\/www.realsport-club.ch\/de\/wp-json\/wp\/v2\/media?parent=9321"}],"wp:term":[{"taxonomy":"category","embeddable":true,"href":"https:\/\/www.realsport-club.ch\/de\/wp-json\/wp\/v2\/categories?post=9321"},{"taxonomy":"post_tag","embeddable":true,"href":"https:\/\/www.realsport-club.ch\/de\/wp-json\/wp\/v2\/tags?post=9321"}],"curies":[{"name":"wp","href":"https:\/\/api.w.org\/{rel}","templated":true}]}}