{"id":9520,"date":"2024-01-30T11:49:45","date_gmt":"2024-01-30T10:49:45","guid":{"rendered":"https:\/\/www.realsport-club.ch\/incontro-con-alanis-siffert\/"},"modified":"2024-02-01T11:38:52","modified_gmt":"2024-02-01T10:38:52","slug":"incontro-con-alanis-siffert","status":"publish","type":"post","link":"https:\/\/www.realsport-club.ch\/it\/incontro-con-alanis-siffert\/","title":{"rendered":"Incontro con Alanis Siffert"},"content":{"rendered":"[vc_row type=&#8221;in_container&#8221; full_screen_row_position=&#8221;middle&#8221; column_margin=&#8221;default&#8221; column_direction=&#8221;default&#8221; column_direction_tablet=&#8221;default&#8221; column_direction_phone=&#8221;default&#8221; scene_position=&#8221;center&#8221; top_padding=&#8221;100&#8243; bottom_padding=&#8221;100&#8243; top_padding_tablet=&#8221;80&#8243; constrain_group_3=&#8221;yes&#8221; bottom_padding_tablet=&#8221;80&#8243; top_padding_phone=&#8221;50&#8243; bottom_padding_phone=&#8221;50&#8243; text_color=&#8221;dark&#8221; text_align=&#8221;left&#8221; row_border_radius=&#8221;none&#8221; row_border_radius_applies=&#8221;bg&#8221; overflow=&#8221;visible&#8221; class=&#8221;content-intro&#8221; advanced_gradient_angle=&#8221;0&#8243; overlay_strength=&#8221;0.3&#8243; gradient_direction=&#8221;left_to_right&#8221; shape_divider_position=&#8221;bottom&#8221; bg_image_animation=&#8221;none&#8221; gradient_type=&#8221;default&#8221; shape_type=&#8221;&#8221;][vc_column column_padding=&#8221;no-extra-padding&#8221; column_padding_tablet=&#8221;inherit&#8221; column_padding_phone=&#8221;inherit&#8221; column_padding_position=&#8221;all&#8221; column_element_spacing=&#8221;default&#8221; background_color_opacity=&#8221;1&#8243; background_hover_color_opacity=&#8221;1&#8243; column_shadow=&#8221;none&#8221; column_border_radius=&#8221;none&#8221; column_link_target=&#8221;_self&#8221; column_position=&#8221;default&#8221; gradient_direction=&#8221;left_to_right&#8221; overlay_strength=&#8221;0.3&#8243; width=&#8221;1\/1&#8243; tablet_width_inherit=&#8221;default&#8221; tablet_text_alignment=&#8221;default&#8221; phone_text_alignment=&#8221;default&#8221; animation_type=&#8221;default&#8221; bg_image_animation=&#8221;none&#8221; border_type=&#8221;simple&#8221; column_border_width=&#8221;none&#8221; column_border_style=&#8221;solid&#8221;][split_line_heading animation_type=&#8221;line-reveal-by-space&#8221; font_style=&#8221;p&#8221; text_color=&#8221;#000000&#8243; line_reveal_by_space_text_effect=&#8221;twist-bottom&#8221; stagger_animation=&#8221;true&#8221; mobile_disable_animation=&#8221;true&#8221; content_alignment=&#8221;default&#8221; mobile_content_alignment=&#8221;inherit&#8221; link_target=&#8221;_self&#8221; font_line_height=&#8221;1.8&#8243; font_size=&#8221;40&#8243; font_size_tablet=&#8221;30&#8243; font_size_phone=&#8221;25&#8243; text_content=&#8221;Nous sommes ravis d&#8217;annoncer notre r\u00e9cente collaboration avec une jeune athl\u00e8te fribourgeoise, Alanis Siffert, une triathl\u00e8te prometteuse. Ce partenariat symbolise notre d\u00e9vouement envers le talent r\u00e9gional et une reconnaissance de la pers\u00e9v\u00e9rance et de la passion qu&#8217;Alanis investit dans sa discipline sportive.&#8221;][\/split_line_heading][\/vc_column][\/vc_row][vc_row type=&#8221;in_container&#8221; full_screen_row_position=&#8221;middle&#8221; column_margin=&#8221;default&#8221; column_direction=&#8221;default&#8221; column_direction_tablet=&#8221;default&#8221; column_direction_phone=&#8221;default&#8221; scene_position=&#8221;center&#8221; text_color=&#8221;dark&#8221; text_align=&#8221;left&#8221; row_border_radius=&#8221;none&#8221; row_border_radius_applies=&#8221;bg&#8221; overflow=&#8221;visible&#8221; overlay_strength=&#8221;0.3&#8243; gradient_direction=&#8221;left_to_right&#8221; shape_divider_position=&#8221;bottom&#8221; bg_image_animation=&#8221;none&#8221;][vc_column column_padding=&#8221;no-extra-padding&#8221; column_padding_tablet=&#8221;inherit&#8221; column_padding_phone=&#8221;inherit&#8221; column_padding_position=&#8221;all&#8221; column_element_spacing=&#8221;default&#8221; background_color_opacity=&#8221;1&#8243; background_hover_color_opacity=&#8221;1&#8243; column_shadow=&#8221;none&#8221; column_border_radius=&#8221;none&#8221; column_link_target=&#8221;_self&#8221; column_position=&#8221;default&#8221; gradient_direction=&#8221;left_to_right&#8221; overlay_strength=&#8221;0.3&#8243; width=&#8221;1\/1&#8243; tablet_width_inherit=&#8221;default&#8221; tablet_text_alignment=&#8221;default&#8221; phone_text_alignment=&#8221;default&#8221; animation_type=&#8221;default&#8221; bg_image_animation=&#8221;none&#8221; border_type=&#8221;simple&#8221; column_border_width=&#8221;none&#8221; column_border_style=&#8221;solid&#8221;][vc_column_text]<!-- \/wp:post-content --><\/p>\n<p><!-- wp:shortcode -->[\/vc_column_text][\/vc_column][\/vc_row][vc_row type=&#8221;in_container&#8221; full_screen_row_position=&#8221;middle&#8221; column_margin=&#8221;80px&#8221; equal_height=&#8221;yes&#8221; content_placement=&#8221;middle&#8221; column_direction=&#8221;reverse&#8221; column_direction_tablet=&#8221;default&#8221; column_direction_phone=&#8221;default&#8221; scene_position=&#8221;center&#8221; text_color=&#8221;dark&#8221; text_align=&#8221;left&#8221; row_border_radius=&#8221;none&#8221; row_border_radius_applies=&#8221;bg&#8221; overflow=&#8221;visible&#8221; class=&#8221;content-img-text&#8221; advanced_gradient_angle=&#8221;0&#8243; overlay_strength=&#8221;0.3&#8243; gradient_direction=&#8221;left_to_right&#8221; shape_divider_position=&#8221;bottom&#8221; bg_image_animation=&#8221;none&#8221; gradient_type=&#8221;default&#8221; shape_type=&#8221;&#8221;][vc_column column_padding=&#8221;no-extra-padding&#8221; column_padding_tablet=&#8221;inherit&#8221; column_padding_phone=&#8221;inherit&#8221; column_padding_position=&#8221;all&#8221; column_element_spacing=&#8221;default&#8221; background_color_opacity=&#8221;1&#8243; background_hover_color_opacity=&#8221;1&#8243; column_shadow=&#8221;none&#8221; column_border_radius=&#8221;none&#8221; column_link_target=&#8221;_self&#8221; column_position=&#8221;default&#8221; advanced_gradient_angle=&#8221;0&#8243; gradient_direction=&#8221;left_to_right&#8221; overlay_strength=&#8221;0.3&#8243; width=&#8221;1\/2&#8243; tablet_width_inherit=&#8221;default&#8221; tablet_text_alignment=&#8221;default&#8221; phone_text_alignment=&#8221;default&#8221; animation_type=&#8221;default&#8221; bg_image_animation=&#8221;none&#8221; border_type=&#8221;simple&#8221; column_border_width=&#8221;none&#8221; column_border_style=&#8221;solid&#8221; gradient_type=&#8221;default&#8221;][vc_column_text]\n<h4>Pr\u00e9sentation<\/h4>\n<ul>\n<li>Ambassadrice Realsport depuis 2024<\/li>\n<li>N\u00e9e le 21 novembre 2001<\/li>\n<li>Domicili\u00e9e \u00e0 Villars-sur-Gl\u00e2ne<\/li>\n<li>Ancienne nageuse \u00e9lite<\/li>\n<li>Championne suisse des 10k en eau libre<\/li>\n<li>1er titre de championne suisse MTR \u2013 \u00a0juillet 2023 \u2013 Linthatlon<\/li>\n<li>Victoire et record de l&#8217;\u00e9preuve f\u00e9minine \u2013 juillet 2023 &#8211; Gen\u00e8ve Triathlon &#8211; half<\/li>\n<li>1re vainqueure et recordman de l&#8217;\u00e9preuve de natation \u2013 mai 2022 \u2013 Triathlon de Belfort &#8211; half<span class=\"Apple-converted-space\">\u00a0<\/span><\/li>\n<li>1re vainqueure<b><i>\u00a0\u2013 <\/i><\/b>juin 2022 &#8211; Triathlon de la Gruy\u00e8re olympique<\/li>\n<li>1re overall \u2013 juillet 2022 &#8211; Triathlon de Gen\u00e8ve half<\/li>\n<\/ul>\n[\/vc_column_text][\/vc_column][vc_column column_padding=&#8221;no-extra-padding&#8221; column_padding_tablet=&#8221;inherit&#8221; column_padding_phone=&#8221;inherit&#8221; column_padding_position=&#8221;all&#8221; column_element_spacing=&#8221;default&#8221; background_color_opacity=&#8221;1&#8243; background_hover_color_opacity=&#8221;1&#8243; column_shadow=&#8221;none&#8221; column_border_radius=&#8221;none&#8221; column_link_target=&#8221;_self&#8221; column_position=&#8221;default&#8221; gradient_direction=&#8221;left_to_right&#8221; overlay_strength=&#8221;0.3&#8243; width=&#8221;1\/2&#8243; tablet_width_inherit=&#8221;default&#8221; tablet_text_alignment=&#8221;default&#8221; phone_text_alignment=&#8221;default&#8221; animation_type=&#8221;default&#8221; bg_image_animation=&#8221;none&#8221; border_type=&#8221;simple&#8221; column_border_width=&#8221;none&#8221; column_border_style=&#8221;solid&#8221;][image_with_animation image_url=&#8221;9534&#8243; image_size=&#8221;full&#8221; animation_type=&#8221;entrance&#8221; animation=&#8221;None&#8221; hover_animation=&#8221;none&#8221; alignment=&#8221;&#8221; img_link_large=&#8221;yes&#8221; border_radius=&#8221;none&#8221; box_shadow=&#8221;none&#8221; image_loading=&#8221;lazy-load&#8221; max_width=&#8221;100%&#8221; max_width_mobile=&#8221;default&#8221;][\/vc_column][\/vc_row][vc_row type=&#8221;in_container&#8221; full_screen_row_position=&#8221;middle&#8221; column_margin=&#8221;default&#8221; column_direction=&#8221;default&#8221; column_direction_tablet=&#8221;default&#8221; column_direction_phone=&#8221;default&#8221; scene_position=&#8221;center&#8221; text_color=&#8221;dark&#8221; text_align=&#8221;left&#8221; row_border_radius=&#8221;none&#8221; row_border_radius_applies=&#8221;bg&#8221; overflow=&#8221;visible&#8221; overlay_strength=&#8221;0.3&#8243; gradient_direction=&#8221;left_to_right&#8221; shape_divider_position=&#8221;bottom&#8221; bg_image_animation=&#8221;none&#8221;][vc_column column_padding=&#8221;no-extra-padding&#8221; column_padding_tablet=&#8221;inherit&#8221; column_padding_phone=&#8221;inherit&#8221; column_padding_position=&#8221;all&#8221; column_element_spacing=&#8221;default&#8221; background_color_opacity=&#8221;1&#8243; background_hover_color_opacity=&#8221;1&#8243; column_shadow=&#8221;none&#8221; column_border_radius=&#8221;none&#8221; column_link_target=&#8221;_self&#8221; column_position=&#8221;default&#8221; gradient_direction=&#8221;left_to_right&#8221; overlay_strength=&#8221;0.3&#8243; width=&#8221;1\/1&#8243; tablet_width_inherit=&#8221;default&#8221; tablet_text_alignment=&#8221;default&#8221; phone_text_alignment=&#8221;default&#8221; animation_type=&#8221;default&#8221; bg_image_animation=&#8221;none&#8221; border_type=&#8221;simple&#8221; column_border_width=&#8221;none&#8221; column_border_style=&#8221;solid&#8221;][divider line_type=&#8221;Full Width Line&#8221; line_thickness=&#8221;1&#8243; divider_color=&#8221;default&#8221; custom_height=&#8221;100&#8243; custom_height_tablet=&#8221;80&#8243; custom_height_phone=&#8221;50&#8243;][nectar_single_testimonial testimonial_style=&#8221;small_modern&#8221; image=&#8221;9499&#8243; color=&#8221;Default&#8221; quote=&#8221;Son objectif:<br \/>\nQualification pour les Jeux Olympiques 2028 \u00e0 Los Angeles&#8221;][\/vc_column][\/vc_row][vc_row type=&#8221;in_container&#8221; full_screen_row_position=&#8221;middle&#8221; column_margin=&#8221;default&#8221; column_direction=&#8221;default&#8221; column_direction_tablet=&#8221;default&#8221; column_direction_phone=&#8221;default&#8221; scene_position=&#8221;center&#8221; text_color=&#8221;dark&#8221; text_align=&#8221;left&#8221; row_border_radius=&#8221;none&#8221; row_border_radius_applies=&#8221;bg&#8221; overflow=&#8221;visible&#8221; overlay_strength=&#8221;0.3&#8243; gradient_direction=&#8221;left_to_right&#8221; shape_divider_position=&#8221;bottom&#8221; bg_image_animation=&#8221;none&#8221;][vc_column column_padding=&#8221;no-extra-padding&#8221; column_padding_tablet=&#8221;inherit&#8221; column_padding_phone=&#8221;inherit&#8221; column_padding_position=&#8221;all&#8221; column_element_spacing=&#8221;default&#8221; background_color_opacity=&#8221;1&#8243; background_hover_color_opacity=&#8221;1&#8243; column_shadow=&#8221;none&#8221; column_border_radius=&#8221;none&#8221; column_link_target=&#8221;_self&#8221; column_position=&#8221;default&#8221; gradient_direction=&#8221;left_to_right&#8221; overlay_strength=&#8221;0.3&#8243; width=&#8221;1\/1&#8243; tablet_width_inherit=&#8221;default&#8221; tablet_text_alignment=&#8221;default&#8221; phone_text_alignment=&#8221;default&#8221; animation_type=&#8221;default&#8221; bg_image_animation=&#8221;none&#8221; border_type=&#8221;simple&#8221; column_border_width=&#8221;none&#8221; column_border_style=&#8221;solid&#8221;][vc_column_text]\n<h3><strong>\u00c0 la d\u00e9couverte d&#8217;Alanis Siffert<\/strong><\/h3>\n<p>Alanis, une jeune athl\u00e8te fribourgeoise passionn\u00e9e de triathlon, a captiv\u00e9 notre attention par sa pers\u00e9v\u00e9rance, son esprit comp\u00e9titif et son engagement envers l&#8217;excellence. \u00c0 seulement 22 ans, elle a d\u00e9j\u00e0 r\u00e9alis\u00e9 des performances impressionnantes, faisant d&#8217;elle une figure montante dans le monde du triathlon en Suisse.<\/p>\n<h3><strong>Notre soutien \u00e0 l&#8217;\u00e9toile montante<\/strong><\/h3>\n<p>En tant que partenaire, nous sommes fiers de soutenir Alanis dans sa qu\u00eate de r\u00e9ussite sportive. Notre engagement va au-del\u00e0 du simple soutien financier ; nous sommes d\u00e9termin\u00e9s \u00e0 offrir \u00e0 Alanis les ressources n\u00e9cessaires pour atteindre ses objectifs et atteindre de nouveaux sommets dans sa carri\u00e8re.<\/p>\n<h3><strong>Les objectifs communs<\/strong><\/h3>\n<p>Ce partenariat est fond\u00e9 sur des valeurs communes telles que la passion pour le sport, le travail acharn\u00e9 et le d\u00e9sir de repousser les limites. Alanis Siffert incarne ces valeurs, et nous sommes impatients de la voir repr\u00e9senter non seulement Fribourg mais aussi notre partenariat sur les sc\u00e8nes nationales et internationales du triathlon.<\/p>\n<h3><strong>Renforcer la communaut\u00e9 sportive locale<\/strong><\/h3>\n<p>En investissant dans le talent local, nous aspirons \u00e9galement \u00e0 renforcer la communaut\u00e9 sportive de Fribourg. Nous croyons que le succ\u00e8s individuel d&#8217;Alanis contribuera \u00e0 inspirer de jeunes talents et \u00e0 promouvoir la culture du sport au sein de notre communaut\u00e9.<\/p>\n<h3><strong>Suivez le parcours d&#8217;Alanis<\/strong><\/h3>\n<p>Nous invitons la communaut\u00e9 \u00e0 suivre le parcours exceptionnel d&#8217;Alanis Siffert \u00e0 mesure qu&#8217;elle se pr\u00e9pare pour de futures comp\u00e9titions et d\u00e9fis. Restez \u00e0 l&#8217;aff\u00fbt de son actualit\u00e9 en la suivant sur ses r\u00e9seaux sociaux.<\/p>\n<h3><strong>Ensemble vers de nouveaux horizons<\/strong><\/h3>\n<p>Nous sommes convaincus que ce partenariat sera le d\u00e9but d&#8217;une collaboration fructueuse et inspirante. Alanis Siffert incarne la force, la r\u00e9silience et la d\u00e9termination, et nous sommes honor\u00e9s de faire partie de son aventure. Ensemble, nous sommes pr\u00eats \u00e0 conqu\u00e9rir de nouveaux horizons et \u00e0 inspirer d&#8217;autres \u00e0 poursuivre leurs r\u00eaves avec passion et pers\u00e9v\u00e9rance.[\/vc_column_text][\/vc_column][\/vc_row][vc_row type=&#8221;full_width_background&#8221; full_screen_row_position=&#8221;middle&#8221; column_margin=&#8221;default&#8221; column_direction=&#8221;default&#8221; column_direction_tablet=&#8221;default&#8221; column_direction_phone=&#8221;default&#8221; bg_image=&#8221;9508&#8243; bg_position=&#8221;custom&#8221; bg_position_x=&#8221;50&#8243; bg_position_y=&#8221;70&#8243; background_image_loading=&#8221;default&#8221; bg_repeat=&#8221;no-repeat&#8221; scene_position=&#8221;center&#8221; top_padding=&#8221;250&#8243; bottom_padding=&#8221;250&#8243; top_margin=&#8221;75&#8243; bottom_margin=&#8221;75&#8243; text_color=&#8221;dark&#8221; text_align=&#8221;left&#8221; row_border_radius=&#8221;none&#8221; row_border_radius_applies=&#8221;bg&#8221; overflow=&#8221;visible&#8221; advanced_gradient_angle=&#8221;0&#8243; overlay_strength=&#8221;0.3&#8243; gradient_direction=&#8221;left_to_right&#8221; shape_divider_position=&#8221;bottom&#8221; bg_image_animation=&#8221;none&#8221; gradient_type=&#8221;default&#8221; shape_type=&#8221;&#8221;][vc_column column_padding=&#8221;no-extra-padding&#8221; column_padding_tablet=&#8221;inherit&#8221; column_padding_phone=&#8221;inherit&#8221; column_padding_position=&#8221;all&#8221; left_margin=&#8221;0&#8243; right_margin=&#8221;0&#8243; column_element_spacing=&#8221;default&#8221; background_color_opacity=&#8221;1&#8243; background_hover_color_opacity=&#8221;1&#8243; column_shadow=&#8221;none&#8221; column_border_radius=&#8221;none&#8221; column_link_target=&#8221;_self&#8221; column_position=&#8221;default&#8221; advanced_gradient_angle=&#8221;0&#8243; gradient_direction=&#8221;left_to_right&#8221; overlay_strength=&#8221;0.3&#8243; width=&#8221;1\/1&#8243; tablet_width_inherit=&#8221;default&#8221; tablet_text_alignment=&#8221;default&#8221; phone_text_alignment=&#8221;default&#8221; animation_type=&#8221;default&#8221; bg_image_animation=&#8221;none&#8221; border_type=&#8221;simple&#8221; column_border_width=&#8221;none&#8221; column_border_style=&#8221;solid&#8221; gradient_type=&#8221;default&#8221;][\/vc_column][\/vc_row]\n","protected":false},"excerpt":{"rendered":"<p>[vc_row type=&#8221;in_container&#8221; full_screen_row_position=&#8221;middle&#8221; column_margin=&#8221;default&#8221; column_direction=&#8221;default&#8221; column_direction_tablet=&#8221;default&#8221; column_direction_phone=&#8221;default&#8221; scene_position=&#8221;center&#8221; top_padding=&#8221;100&#8243; bottom_padding=&#8221;100&#8243; top_padding_tablet=&#8221;80&#8243; constrain_group_3=&#8221;yes&#8221; bottom_padding_tablet=&#8221;80&#8243; top_padding_phone=&#8221;50&#8243; bottom_padding_phone=&#8221;50&#8243; text_color=&#8221;dark&#8221; text_align=&#8221;left&#8221; row_border_radius=&#8221;none&#8221; row_border_radius_applies=&#8221;bg&#8221; overflow=&#8221;visible&#8221; class=&#8221;content-intro&#8221; advanced_gradient_angle=&#8221;0&#8243; overlay_strength=&#8221;0.3&#8243; gradient_direction=&#8221;left_to_right&#8221; shape_divider_position=&#8221;bottom&#8221;&#8230;<\/p>\n","protected":false},"author":3,"featured_media":9487,"comment_status":"closed","ping_status":"closed","sticky":false,"template":"","format":"standard","meta":{"inline_featured_image":false,"footnotes":""},"categories":[62],"tags":[],"class_list":{"0":"post-9520","1":"post","2":"type-post","3":"status-publish","4":"format-standard","5":"has-post-thumbnail","7":"category-ambasciatori"},"yoast_head":"<!-- This site is optimized with the Yoast SEO plugin v21.4 - https:\/\/yoast.com\/wordpress\/plugins\/seo\/ -->\n<title>Incontro con Alanis Siffert - Realsport Club<\/title>\n<meta name=\"robots\" content=\"index, follow, max-snippet:-1, max-image-preview:large, max-video-preview:-1\" \/>\n<link rel=\"canonical\" href=\"https:\/\/www.realsport-club.ch\/it\/incontro-con-alanis-siffert\/\" \/>\n<meta property=\"og:locale\" content=\"it_IT\" \/>\n<meta property=\"og:type\" content=\"article\" \/>\n<meta property=\"og:title\" content=\"Incontro con Alanis Siffert - Realsport Club\" \/>\n<meta property=\"og:description\" content=\"[vc_row type=&#8221;in_container&#8221; full_screen_row_position=&#8221;middle&#8221; column_margin=&#8221;default&#8221; column_direction=&#8221;default&#8221; column_direction_tablet=&#8221;default&#8221; column_direction_phone=&#8221;default&#8221; scene_position=&#8221;center&#8221; top_padding=&#8221;100&#8243; bottom_padding=&#8221;100&#8243; top_padding_tablet=&#8221;80&#8243; constrain_group_3=&#8221;yes&#8221; bottom_padding_tablet=&#8221;80&#8243; top_padding_phone=&#8221;50&#8243; bottom_padding_phone=&#8221;50&#8243; text_color=&#8221;dark&#8221; text_align=&#8221;left&#8221; row_border_radius=&#8221;none&#8221; row_border_radius_applies=&#8221;bg&#8221; overflow=&#8221;visible&#8221; class=&#8221;content-intro&#8221; advanced_gradient_angle=&#8221;0&#8243; overlay_strength=&#8221;0.3&#8243; gradient_direction=&#8221;left_to_right&#8221; shape_divider_position=&#8221;bottom&#8221;...\" \/>\n<meta property=\"og:url\" content=\"https:\/\/www.realsport-club.ch\/it\/incontro-con-alanis-siffert\/\" \/>\n<meta property=\"og:site_name\" content=\"Realsport Club\" \/>\n<meta property=\"article:publisher\" content=\"https:\/\/www.facebook.com\/RealSportGroup\/\" \/>\n<meta property=\"article:published_time\" content=\"2024-01-30T10:49:45+00:00\" \/>\n<meta property=\"article:modified_time\" content=\"2024-02-01T10:38:52+00:00\" \/>\n<meta property=\"og:image\" content=\"https:\/\/www.realsport-club.ch\/wp-content\/uploads\/2024\/01\/Kevin-Sabah_4969-scaled.jpg\" \/>\n\t<meta property=\"og:image:width\" content=\"2560\" \/>\n\t<meta property=\"og:image:height\" content=\"1703\" \/>\n\t<meta property=\"og:image:type\" content=\"image\/jpeg\" \/>\n<meta name=\"author\" content=\"Realsport Admin\" \/>\n<meta name=\"twitter:card\" content=\"summary_large_image\" \/>\n<meta name=\"twitter:label1\" content=\"Scritto da\" \/>\n\t<meta name=\"twitter:data1\" content=\"Realsport Admin\" \/>\n\t<meta name=\"twitter:label2\" content=\"Tempo di lettura stimato\" \/>\n\t<meta name=\"twitter:data2\" content=\"4 minuti\" \/>\n<script type=\"application\/ld+json\" class=\"yoast-schema-graph\">{\"@context\":\"https:\/\/schema.org\",\"@graph\":[{\"@type\":[\"Article\",\"BlogPosting\"],\"@id\":\"https:\/\/www.realsport-club.ch\/it\/incontro-con-alanis-siffert\/#article\",\"isPartOf\":{\"@id\":\"https:\/\/www.realsport-club.ch\/it\/incontro-con-alanis-siffert\/\"},\"author\":{\"name\":\"Realsport Admin\",\"@id\":\"https:\/\/www.realsport-club.ch\/it\/#\/schema\/person\/ce1c3765087b579a489c4b4dc9572a53\"},\"headline\":\"Incontro con Alanis Siffert\",\"datePublished\":\"2024-01-30T10:49:45+00:00\",\"dateModified\":\"2024-02-01T10:38:52+00:00\",\"mainEntityOfPage\":{\"@id\":\"https:\/\/www.realsport-club.ch\/it\/incontro-con-alanis-siffert\/\"},\"wordCount\":1646,\"publisher\":{\"@id\":\"https:\/\/www.realsport-club.ch\/it\/#organization\"},\"articleSection\":[\"Ambasciatori\"],\"inLanguage\":\"it-IT\"},{\"@type\":\"WebPage\",\"@id\":\"https:\/\/www.realsport-club.ch\/it\/incontro-con-alanis-siffert\/\",\"url\":\"https:\/\/www.realsport-club.ch\/it\/incontro-con-alanis-siffert\/\",\"name\":\"Incontro con Alanis Siffert - Realsport Club\",\"isPartOf\":{\"@id\":\"https:\/\/www.realsport-club.ch\/it\/#website\"},\"datePublished\":\"2024-01-30T10:49:45+00:00\",\"dateModified\":\"2024-02-01T10:38:52+00:00\",\"breadcrumb\":{\"@id\":\"https:\/\/www.realsport-club.ch\/it\/incontro-con-alanis-siffert\/#breadcrumb\"},\"inLanguage\":\"it-IT\",\"potentialAction\":[{\"@type\":\"ReadAction\",\"target\":[\"https:\/\/www.realsport-club.ch\/it\/incontro-con-alanis-siffert\/\"]}]},{\"@type\":\"BreadcrumbList\",\"@id\":\"https:\/\/www.realsport-club.ch\/it\/incontro-con-alanis-siffert\/#breadcrumb\",\"itemListElement\":[{\"@type\":\"ListItem\",\"position\":1,\"name\":\"Accueil\",\"item\":\"https:\/\/www.realsport-club.ch\/it\/\"},{\"@type\":\"ListItem\",\"position\":2,\"name\":\"Incontro con Alanis Siffert\"}]},{\"@type\":\"WebSite\",\"@id\":\"https:\/\/www.realsport-club.ch\/it\/#website\",\"url\":\"https:\/\/www.realsport-club.ch\/it\/\",\"name\":\"Realsport Club\",\"description\":\"\",\"publisher\":{\"@id\":\"https:\/\/www.realsport-club.ch\/it\/#organization\"},\"potentialAction\":[{\"@type\":\"SearchAction\",\"target\":{\"@type\":\"EntryPoint\",\"urlTemplate\":\"https:\/\/www.realsport-club.ch\/it\/?s={search_term_string}\"},\"query-input\":\"required name=search_term_string\"}],\"inLanguage\":\"it-IT\"},{\"@type\":\"Organization\",\"@id\":\"https:\/\/www.realsport-club.ch\/it\/#organization\",\"name\":\"Realsport Club\",\"url\":\"https:\/\/www.realsport-club.ch\/it\/\",\"logo\":{\"@type\":\"ImageObject\",\"inLanguage\":\"it-IT\",\"@id\":\"https:\/\/www.realsport-club.ch\/it\/#\/schema\/logo\/image\/\",\"url\":\"https:\/\/www.realsportclub.prod-mint.ch\/wp-content\/uploads\/2022\/11\/realsport-club-image-google_retina.jpg\",\"contentUrl\":\"https:\/\/www.realsportclub.prod-mint.ch\/wp-content\/uploads\/2022\/11\/realsport-club-image-google_retina.jpg\",\"width\":1600,\"height\":1200,\"caption\":\"Realsport Club\"},\"image\":{\"@id\":\"https:\/\/www.realsport-club.ch\/it\/#\/schema\/logo\/image\/\"},\"sameAs\":[\"https:\/\/www.facebook.com\/RealSportGroup\/\",\"https:\/\/www.youtube.com\/channel\/UCVNzKINPU8PNe1Rq6BeKztA\",\"https:\/\/www.linkedin.com\/company\/realsport-outdoor-sa\/\",\"https:\/\/www.instagram.com\/realsportsa\/\"]},{\"@type\":\"Person\",\"@id\":\"https:\/\/www.realsport-club.ch\/it\/#\/schema\/person\/ce1c3765087b579a489c4b4dc9572a53\",\"name\":\"Realsport Admin\",\"url\":\"https:\/\/www.realsport-club.ch\/it\/author\/inforealsport-ch\/\"}]}<\/script>\n<!-- \/ Yoast SEO plugin. -->","yoast_head_json":{"title":"Incontro con Alanis Siffert - Realsport Club","robots":{"index":"index","follow":"follow","max-snippet":"max-snippet:-1","max-image-preview":"max-image-preview:large","max-video-preview":"max-video-preview:-1"},"canonical":"https:\/\/www.realsport-club.ch\/it\/incontro-con-alanis-siffert\/","og_locale":"it_IT","og_type":"article","og_title":"Incontro con Alanis Siffert - Realsport Club","og_description":"[vc_row type=&#8221;in_container&#8221; full_screen_row_position=&#8221;middle&#8221; column_margin=&#8221;default&#8221; column_direction=&#8221;default&#8221; column_direction_tablet=&#8221;default&#8221; column_direction_phone=&#8221;default&#8221; scene_position=&#8221;center&#8221; top_padding=&#8221;100&#8243; bottom_padding=&#8221;100&#8243; top_padding_tablet=&#8221;80&#8243; constrain_group_3=&#8221;yes&#8221; bottom_padding_tablet=&#8221;80&#8243; top_padding_phone=&#8221;50&#8243; bottom_padding_phone=&#8221;50&#8243; text_color=&#8221;dark&#8221; text_align=&#8221;left&#8221; row_border_radius=&#8221;none&#8221; row_border_radius_applies=&#8221;bg&#8221; overflow=&#8221;visible&#8221; class=&#8221;content-intro&#8221; advanced_gradient_angle=&#8221;0&#8243; overlay_strength=&#8221;0.3&#8243; gradient_direction=&#8221;left_to_right&#8221; shape_divider_position=&#8221;bottom&#8221;...","og_url":"https:\/\/www.realsport-club.ch\/it\/incontro-con-alanis-siffert\/","og_site_name":"Realsport Club","article_publisher":"https:\/\/www.facebook.com\/RealSportGroup\/","article_published_time":"2024-01-30T10:49:45+00:00","article_modified_time":"2024-02-01T10:38:52+00:00","og_image":[{"width":2560,"height":1703,"url":"https:\/\/www.realsport-club.ch\/wp-content\/uploads\/2024\/01\/Kevin-Sabah_4969-scaled.jpg","type":"image\/jpeg"}],"author":"Realsport Admin","twitter_card":"summary_large_image","twitter_misc":{"Scritto da":"Realsport Admin","Tempo di lettura stimato":"4 minuti"},"schema":{"@context":"https:\/\/schema.org","@graph":[{"@type":["Article","BlogPosting"],"@id":"https:\/\/www.realsport-club.ch\/it\/incontro-con-alanis-siffert\/#article","isPartOf":{"@id":"https:\/\/www.realsport-club.ch\/it\/incontro-con-alanis-siffert\/"},"author":{"name":"Realsport Admin","@id":"https:\/\/www.realsport-club.ch\/it\/#\/schema\/person\/ce1c3765087b579a489c4b4dc9572a53"},"headline":"Incontro con Alanis Siffert","datePublished":"2024-01-30T10:49:45+00:00","dateModified":"2024-02-01T10:38:52+00:00","mainEntityOfPage":{"@id":"https:\/\/www.realsport-club.ch\/it\/incontro-con-alanis-siffert\/"},"wordCount":1646,"publisher":{"@id":"https:\/\/www.realsport-club.ch\/it\/#organization"},"articleSection":["Ambasciatori"],"inLanguage":"it-IT"},{"@type":"WebPage","@id":"https:\/\/www.realsport-club.ch\/it\/incontro-con-alanis-siffert\/","url":"https:\/\/www.realsport-club.ch\/it\/incontro-con-alanis-siffert\/","name":"Incontro con Alanis Siffert - Realsport Club","isPartOf":{"@id":"https:\/\/www.realsport-club.ch\/it\/#website"},"datePublished":"2024-01-30T10:49:45+00:00","dateModified":"2024-02-01T10:38:52+00:00","breadcrumb":{"@id":"https:\/\/www.realsport-club.ch\/it\/incontro-con-alanis-siffert\/#breadcrumb"},"inLanguage":"it-IT","potentialAction":[{"@type":"ReadAction","target":["https:\/\/www.realsport-club.ch\/it\/incontro-con-alanis-siffert\/"]}]},{"@type":"BreadcrumbList","@id":"https:\/\/www.realsport-club.ch\/it\/incontro-con-alanis-siffert\/#breadcrumb","itemListElement":[{"@type":"ListItem","position":1,"name":"Accueil","item":"https:\/\/www.realsport-club.ch\/it\/"},{"@type":"ListItem","position":2,"name":"Incontro con Alanis Siffert"}]},{"@type":"WebSite","@id":"https:\/\/www.realsport-club.ch\/it\/#website","url":"https:\/\/www.realsport-club.ch\/it\/","name":"Realsport Club","description":"","publisher":{"@id":"https:\/\/www.realsport-club.ch\/it\/#organization"},"potentialAction":[{"@type":"SearchAction","target":{"@type":"EntryPoint","urlTemplate":"https:\/\/www.realsport-club.ch\/it\/?s={search_term_string}"},"query-input":"required name=search_term_string"}],"inLanguage":"it-IT"},{"@type":"Organization","@id":"https:\/\/www.realsport-club.ch\/it\/#organization","name":"Realsport Club","url":"https:\/\/www.realsport-club.ch\/it\/","logo":{"@type":"ImageObject","inLanguage":"it-IT","@id":"https:\/\/www.realsport-club.ch\/it\/#\/schema\/logo\/image\/","url":"https:\/\/www.realsportclub.prod-mint.ch\/wp-content\/uploads\/2022\/11\/realsport-club-image-google_retina.jpg","contentUrl":"https:\/\/www.realsportclub.prod-mint.ch\/wp-content\/uploads\/2022\/11\/realsport-club-image-google_retina.jpg","width":1600,"height":1200,"caption":"Realsport Club"},"image":{"@id":"https:\/\/www.realsport-club.ch\/it\/#\/schema\/logo\/image\/"},"sameAs":["https:\/\/www.facebook.com\/RealSportGroup\/","https:\/\/www.youtube.com\/channel\/UCVNzKINPU8PNe1Rq6BeKztA","https:\/\/www.linkedin.com\/company\/realsport-outdoor-sa\/","https:\/\/www.instagram.com\/realsportsa\/"]},{"@type":"Person","@id":"https:\/\/www.realsport-club.ch\/it\/#\/schema\/person\/ce1c3765087b579a489c4b4dc9572a53","name":"Realsport Admin","url":"https:\/\/www.realsport-club.ch\/it\/author\/inforealsport-ch\/"}]}},"_links":{"self":[{"href":"https:\/\/www.realsport-club.ch\/it\/wp-json\/wp\/v2\/posts\/9520","targetHints":{"allow":["GET"]}}],"collection":[{"href":"https:\/\/www.realsport-club.ch\/it\/wp-json\/wp\/v2\/posts"}],"about":[{"href":"https:\/\/www.realsport-club.ch\/it\/wp-json\/wp\/v2\/types\/post"}],"author":[{"embeddable":true,"href":"https:\/\/www.realsport-club.ch\/it\/wp-json\/wp\/v2\/users\/3"}],"replies":[{"embeddable":true,"href":"https:\/\/www.realsport-club.ch\/it\/wp-json\/wp\/v2\/comments?post=9520"}],"version-history":[{"count":7,"href":"https:\/\/www.realsport-club.ch\/it\/wp-json\/wp\/v2\/posts\/9520\/revisions"}],"predecessor-version":[{"id":9538,"href":"https:\/\/www.realsport-club.ch\/it\/wp-json\/wp\/v2\/posts\/9520\/revisions\/9538"}],"wp:featuredmedia":[{"embeddable":true,"href":"https:\/\/www.realsport-club.ch\/it\/wp-json\/wp\/v2\/media\/9487"}],"wp:attachment":[{"href":"https:\/\/www.realsport-club.ch\/it\/wp-json\/wp\/v2\/media?parent=9520"}],"wp:term":[{"taxonomy":"category","embeddable":true,"href":"https:\/\/www.realsport-club.ch\/it\/wp-json\/wp\/v2\/categories?post=9520"},{"taxonomy":"post_tag","embeddable":true,"href":"https:\/\/www.realsport-club.ch\/it\/wp-json\/wp\/v2\/tags?post=9520"}],"curies":[{"name":"wp","href":"https:\/\/api.w.org\/{rel}","templated":true}]}}